{"id":22347,"date":"2020-02-25T08:27:12","date_gmt":"2020-02-25T16:27:12","guid":{"rendered":"https:\/\/lapost.us\/?p=22347"},"modified":"2020-02-25T08:27:12","modified_gmt":"2020-02-25T16:27:12","slug":"2020-catalyst-award-winner-medtronic-hires-chief-inclusion-and-diversity-officer","status":"publish","type":"post","link":"https:\/\/lapost.us\/?p=22347","title":{"rendered":"2020 Catalyst Award Winner Medtronic Hires Chief Inclusion and Diversity Officer"},"content":{"rendered":"<p>DUBLIN, February 24, 2020 \u2013\u00a0<a href=\"http:\/\/www.medtronic.com\/\" target=\"_blank\" rel=\"noopener noreferrer\">Medtronic plc<\/a>\u00a0(NYSE:MDT), the global leader in medical technology, is hiring its first Chief Inclusion and Diversity Officer, underscoring its continued focus and significant investment in inclusion and diversity as a business priority.<\/p>\n<p>Sally Saba, M.D., will assume the newly created position effective March 2, 2020. In this role, she will be responsible for delivering a comprehensive global inclusion and diversity strategy and strengthening Medtronic\u2019s inclusive culture and employment brand, ensuring the company is well-positioned to attract and retain top talent. Saba will report to Carol Surface, Chief Human Resources Officer.<\/p>\n<p>\u201cI am proud of the progress we\u2019ve made, including our\u00a0<a href=\"https:\/\/www.medtronic.com\/us-en\/about\/news\/catalyst-award-2020.html\" target=\"_blank\" rel=\"noopener noreferrer\">recent Catalyst recognition<\/a>, and am excited to have Sally on board to continue to build on our strong foundation and help us reach new levels of inclusion, diversity, and equity at Medtronic,\u201d said Carol Surface, Chief Human Resources Officer. \u201cHer thought leadership, authenticity, and passion for the Mission and healthcare make her uniquely suited to lead our efforts into the future.\u201d<\/p>\n<p>\u201cMy philosophy is to listen and learn, and bring people along to co-create,\u201d said Saba. \u201cWhen employees participate in shaping the future of who they want to be as a company, they are more engaged, and we collectively move faster. Equity, inclusion and diversity isn\u2019t one big thing you do \u2013 it\u2019s a million little things that we all do every day.\u201d<\/p>\n<p>Most recently, Saba was the Vice President of Equity, Inclusion, and Diversity at Kaiser Permanente Health Plan and Hospitals, the largest non-profit integrated healthcare system in America. In her time there, she spearheaded key initiatives, including a high-profile supplier diversity program. Before joining Kaiser, Saba served in leadership roles at global telecom company Vodafone.<\/p>\n<p>Saba holds a medical degree from Cairo University and an MBA from \u00c9cole Sup\u00e9rieure Libre des Sciences Commerciales Appliqu\u00e9es in Paris. Learn more about Sally Saba on the\u00a0<a href=\"https:\/\/www.medtronic.com\/us-en\/about\/news\/inclusion-diversity-officer.html\" target=\"_blank\" rel=\"noopener noreferrer\">Medtronic Newsroom.<\/a><\/p>\n","protected":false},"excerpt":{"rendered":"<p>DUBLIN, February 24, 2020 \u2013\u00a0Medtronic plc\u00a0(NYSE:MDT),&#46;&#46;&#46;<\/p>\n","protected":false},"author":1,"featured_media":0,"comment_status":"closed","ping_status":"open","sticky":false,"template":"","format":"standard","meta":{"footnotes":""},"categories":[11],"tags":[],"class_list":["post-22347","post","type-post","status-publish","format-standard","hentry","category-business"],"_links":{"self":[{"href":"https:\/\/lapost.us\/index.php?rest_route=\/wp\/v2\/posts\/22347","targetHints":{"allow":["GET"]}}],"collection":[{"href":"https:\/\/lapost.us\/index.php?rest_route=\/wp\/v2\/posts"}],"about":[{"href":"https:\/\/lapost.us\/index.php?rest_route=\/wp\/v2\/types\/post"}],"author":[{"embeddable":true,"href":"https:\/\/lapost.us\/index.php?rest_route=\/wp\/v2\/users\/1"}],"replies":[{"embeddable":true,"href":"https:\/\/lapost.us\/index.php?rest_route=%2Fwp%2Fv2%2Fcomments&post=22347"}],"version-history":[{"count":1,"href":"https:\/\/lapost.us\/index.php?rest_route=\/wp\/v2\/posts\/22347\/revisions"}],"predecessor-version":[{"id":22348,"href":"https:\/\/lapost.us\/index.php?rest_route=\/wp\/v2\/posts\/22347\/revisions\/22348"}],"wp:attachment":[{"href":"https:\/\/lapost.us\/index.php?rest_route=%2Fwp%2Fv2%2Fmedia&parent=22347"}],"wp:term":[{"taxonomy":"category","embeddable":true,"href":"https:\/\/lapost.us\/index.php?rest_route=%2Fwp%2Fv2%2Fcategories&post=22347"},{"taxonomy":"post_tag","embeddable":true,"href":"https:\/\/lapost.us\/index.php?rest_route=%2Fwp%2Fv2%2Ftags&post=22347"}],"curies":[{"name":"wp","href":"https:\/\/api.w.org\/{rel}","templated":true}]}}