{"id":38841,"date":"2021-08-16T17:44:19","date_gmt":"2021-08-17T00:44:19","guid":{"rendered":"https:\/\/lapost.us\/?p=38841"},"modified":"2021-08-17T17:44:42","modified_gmt":"2021-08-18T00:44:42","slug":"secretary-blinkens-calls-with-european-counterparts-on-afghanistan","status":"publish","type":"post","link":"https:\/\/lapost.us\/?p=38841","title":{"rendered":"Secretary Blinken\u2019s Calls with European Counterparts on Afghanistan"},"content":{"rendered":"<div>08\/16\/2021 11:18 PM EDT<\/div>\n<p>&nbsp;<\/p>\n<div>\n<p>Office of the Spokesperson<\/p>\n<p>The below is attributable to Spokesperson Ned Price:<\/p>\n<p>Secretary of State Antony J. Blinken spoke separately with EU High Representative for Foreign Affairs and Security Policy and Vice President of the European Commission Borrell, NATO Secretary General Stoltenberg, Turkish Foreign Minister \u00c7avu\u015fo\u011flu, and UK Foreign Secretary Raab about Afghanistan, including the developing situation and our efforts to bring our citizens to safety and assist vulnerable Afghans. The Secretary expressed his profound appreciation for the EU, NATO, Turkey, and the UK\u2019s efforts in Afghanistan.<\/p>\n<\/div>\n","protected":false},"excerpt":{"rendered":"<p>08\/16\/2021 11:18 PM EDT &nbsp; Office&#46;&#46;&#46;<\/p>\n","protected":false},"author":1,"featured_media":0,"comment_status":"closed","ping_status":"open","sticky":false,"template":"","format":"standard","meta":{"footnotes":""},"categories":[7,5],"tags":[],"class_list":["post-38841","post","type-post","status-publish","format-standard","hentry","category-u-s-a","category-world"],"_links":{"self":[{"href":"https:\/\/lapost.us\/index.php?rest_route=\/wp\/v2\/posts\/38841","targetHints":{"allow":["GET"]}}],"collection":[{"href":"https:\/\/lapost.us\/index.php?rest_route=\/wp\/v2\/posts"}],"about":[{"href":"https:\/\/lapost.us\/index.php?rest_route=\/wp\/v2\/types\/post"}],"author":[{"embeddable":true,"href":"https:\/\/lapost.us\/index.php?rest_route=\/wp\/v2\/users\/1"}],"replies":[{"embeddable":true,"href":"https:\/\/lapost.us\/index.php?rest_route=%2Fwp%2Fv2%2Fcomments&post=38841"}],"version-history":[{"count":2,"href":"https:\/\/lapost.us\/index.php?rest_route=\/wp\/v2\/posts\/38841\/revisions"}],"predecessor-version":[{"id":38843,"href":"https:\/\/lapost.us\/index.php?rest_route=\/wp\/v2\/posts\/38841\/revisions\/38843"}],"wp:attachment":[{"href":"https:\/\/lapost.us\/index.php?rest_route=%2Fwp%2Fv2%2Fmedia&parent=38841"}],"wp:term":[{"taxonomy":"category","embeddable":true,"href":"https:\/\/lapost.us\/index.php?rest_route=%2Fwp%2Fv2%2Fcategories&post=38841"},{"taxonomy":"post_tag","embeddable":true,"href":"https:\/\/lapost.us\/index.php?rest_route=%2Fwp%2Fv2%2Ftags&post=38841"}],"curies":[{"name":"wp","href":"https:\/\/api.w.org\/{rel}","templated":true}]}}