{"id":60808,"date":"2023-11-01T12:13:53","date_gmt":"2023-11-01T19:13:53","guid":{"rendered":"https:\/\/lapost.us\/?p=60808"},"modified":"2023-11-01T12:13:53","modified_gmt":"2023-11-01T19:13:53","slug":"independent-democrat-christina-pascucci-disrupts-u-s-senate-race-with-commanding-media-blitz","status":"publish","type":"post","link":"https:\/\/lapost.us\/?p=60808","title":{"rendered":"Independent Democrat Christina Pascucci Disrupts U.S. Senate Race With Commanding Media Blitz"},"content":{"rendered":"<p dir=\"ltr\"><strong id=\"m_8191829914660395835docs-internal-guid-17004768-7fff-454e-777e-a0aa02b0dfcb\">LOS ANGELES, CA \u2014\u00a0<\/strong>Two weeks ago, journalist and humanitarian Christina Pascucci announced her campaign for the U.S. Senate after spending her career on the front lines of the most important issues in California and the world &#8211; from the wasteful water policies of Los Angeles Department of Water and Power to the active war zone of Ukraine &#8211; all the while seeing few solutions from Washington.<\/p>\n<p dir=\"ltr\">Political, business, local, state, national, Spanish, AAPI, and entertainment outlets documented the native Californian\u2019s announcement that she is running for Senate as an independent Democrat to continue to make a positive impact and put people over politics:<\/p>\n<ul>\n<li dir=\"ltr\" aria-level=\"1\">\n<p dir=\"ltr\" role=\"presentation\"><strong id=\"m_8191829914660395835docs-internal-guid-17004768-7fff-454e-777e-a0aa02b0dfcb\"><a href=\"https:\/\/brysongillette.us7.list-manage.com\/track\/click?u=bfa06574bb6a362e36787d4bd&amp;id=fdd5ea2fb9&amp;e=8c029a4e11\" target=\"_blank\" rel=\"noopener\" data-saferedirecturl=\"https:\/\/www.google.com\/url?q=https:\/\/brysongillette.us7.list-manage.com\/track\/click?u%3Dbfa06574bb6a362e36787d4bd%26id%3Dfdd5ea2fb9%26e%3D8c029a4e11&amp;source=gmail&amp;ust=1698945612143000&amp;usg=AOvVaw2XaqqEs4z2Nf9M9K5mRFU5\">Politico<\/a>: Christina Pascucci, TV Anchor, is Running for Senate in California:\u00a0<\/strong><em>Pascucci outlined a run as a moderate consensus builder in a field of bomb-throwing partisans. The 38-year-old Democrat described herself as a \u201ctruth-seeker\u201d who would focus on legislating, adding she would apply the same approach she did to newsgathering. \u201cI\u2019ve been covering the most pressing issues of California for the past 15 years and watching this race closely, as well as covering it and interviewing some of the candidates,\u201d Pascucci said in the interview Tuesday. \u201cAnd the more I watched it, the more closely I studied it, I honestly felt dismayed by how it was shaping up. I spoke to a lot of others who felt the same way. Like, this is our future \u2014 more of the same.\u201d Pascucci and her team also said she would work to appeal to Latinos and other voters who haven\u2019t been swayed by a trio of far better-known Democrats in the race, Reps. Adam Schiff, Katie Porter and Barbara Lee.<\/em><\/p>\n<\/li>\n<li dir=\"ltr\" aria-level=\"1\">\n<p dir=\"ltr\" role=\"presentation\"><strong id=\"m_8191829914660395835docs-internal-guid-17004768-7fff-454e-777e-a0aa02b0dfcb\"><a href=\"https:\/\/brysongillette.us7.list-manage.com\/track\/click?u=bfa06574bb6a362e36787d4bd&amp;id=cc63219ba2&amp;e=8c029a4e11\" target=\"_blank\" rel=\"noopener\" data-saferedirecturl=\"https:\/\/www.google.com\/url?q=https:\/\/brysongillette.us7.list-manage.com\/track\/click?u%3Dbfa06574bb6a362e36787d4bd%26id%3Dcc63219ba2%26e%3D8c029a4e11&amp;source=gmail&amp;ust=1698945612143000&amp;usg=AOvVaw1pfwK2QQeHwWYDvyB6J-3Q\">Fox Business<\/a>: LA TV Reporter Christina Pascucci Announces Run for Senate:\u00a0<\/strong><em>\u201cI&#8217;ve been in the trenches for 15 years on the front lines reporting on some of the most pressing issues of our times. I&#8217;ve also traveled to more than one hundred countries, 7 continents, been in war zones and conflict areas, working with Children of War on a personal note. What I see in California I don\u2019t recognize and I had to step up.\u201d&#8230; I&#8217;m running as what I call an independent democrat. I think you should look at every issue through the eyes of essentially a journalist not through the eyes of party politics and that will be my approach as U.S. Senator\u2026 I&#8217;m willing to run toward [Bipartisanship] and I think it&#8217;s crucial for the future of our democracy. We need more moderates in the Senate, in Congress. We need people who are willing to reach across the aisle and just have common sense.\u201d<\/em><\/p>\n<\/li>\n<li dir=\"ltr\" aria-level=\"1\">\n<p dir=\"ltr\" role=\"presentation\"><strong id=\"m_8191829914660395835docs-internal-guid-17004768-7fff-454e-777e-a0aa02b0dfcb\"><a href=\"https:\/\/brysongillette.us7.list-manage.com\/track\/click?u=bfa06574bb6a362e36787d4bd&amp;id=e21ae4445a&amp;e=8c029a4e11\" target=\"_blank\" rel=\"noopener\" data-saferedirecturl=\"https:\/\/www.google.com\/url?q=https:\/\/brysongillette.us7.list-manage.com\/track\/click?u%3Dbfa06574bb6a362e36787d4bd%26id%3De21ae4445a%26e%3D8c029a4e11&amp;source=gmail&amp;ust=1698945612144000&amp;usg=AOvVaw3v2wllBH98pMnlye3q3yHM\">Los Angeles Times:<\/a>\u00a0Los Angeles Newscaster Christina Pascucci Announces Senate Bid:\u00a0<\/strong><em>The 38-year-old Democrat is the latest entrant to join an increasingly crowded field for California\u2019s 2024 Senate contest. The San Fernando Valley native argues that she offers a centrist option for voters tired of polarization in the nation\u2019s politics.\u201cEnough is enough. People are fed up, including myself,\u201d Pascucci said in an interview with The Times. \u201cWhat you do is you sit down and reach across the aisle.\u201d<\/em><\/p>\n<\/li>\n<li dir=\"ltr\" aria-level=\"1\">\n<p dir=\"ltr\" role=\"presentation\"><strong id=\"m_8191829914660395835docs-internal-guid-17004768-7fff-454e-777e-a0aa02b0dfcb\"><a href=\"https:\/\/brysongillette.us7.list-manage.com\/track\/click?u=bfa06574bb6a362e36787d4bd&amp;id=73845b131c&amp;e=8c029a4e11\" target=\"_blank\" rel=\"noopener\" data-saferedirecturl=\"https:\/\/www.google.com\/url?q=https:\/\/brysongillette.us7.list-manage.com\/track\/click?u%3Dbfa06574bb6a362e36787d4bd%26id%3D73845b131c%26e%3D8c029a4e11&amp;source=gmail&amp;ust=1698945612144000&amp;usg=AOvVaw32gkyKHo3bCrBmul3gGK5G\">Fox Business<\/a>: LA TV Reporter Christina Pascucci Announces Run for Senate:\u00a0<\/strong><em>\u201cI&#8217;ve been in the trenches for 15 years on the front lines reporting on some of the most pressing issues of our times. I&#8217;ve also traveled to more than one hundred countries, 7 continents, been in war zones and conflict areas, working with Children of War on a personal note. What I see in California I don\u2019t recognize and I had to step up.\u201d&#8230; I&#8217;m running as what I call an independent democrat. I think you should look at every issue through the eyes of essentially a journalist not through the eyes of party politics and that will be my approach as U.S. Senator.\u201d<\/em><\/p>\n<\/li>\n<li dir=\"ltr\" aria-level=\"1\">\n<p dir=\"ltr\" role=\"presentation\"><strong id=\"m_8191829914660395835docs-internal-guid-17004768-7fff-454e-777e-a0aa02b0dfcb\"><a href=\"https:\/\/brysongillette.us7.list-manage.com\/track\/click?u=bfa06574bb6a362e36787d4bd&amp;id=1f93bea92c&amp;e=8c029a4e11\" target=\"_blank\" rel=\"noopener\" data-saferedirecturl=\"https:\/\/www.google.com\/url?q=https:\/\/brysongillette.us7.list-manage.com\/track\/click?u%3Dbfa06574bb6a362e36787d4bd%26id%3D1f93bea92c%26e%3D8c029a4e11&amp;source=gmail&amp;ust=1698945612144000&amp;usg=AOvVaw2mZugxgg7C0Bm2nhVAI5aZ\">Telemundo 52<\/a>: La periodista de Los \u00c1ngeles, Christina Pascucci, se une a la contienda por el Senado de EEUU:\u00a0<\/strong><em>\u00a0Pascucci no se ha postulado antes para un cargo p\u00fablico. En una entrevista con Telemundo 52, Pascucci dijo que se postula como una \u201cdem\u00f3crata independiente\u201d cuyas opiniones est\u00e1n formadas en parte por haber crecido con dos padres republicanos. Dijo que estar\u00eda dispuesta a llegar al otro lado del pasillo \u201cpara lograr que se apruebe una legislaci\u00f3n significativa\u201d. \u201cCreo que los californianos quieren tener opciones. Est\u00e1n entusiasmados con un l\u00edder aspiracional que pueda llevarnos m\u00e1s all\u00e1 de esta polarizaci\u00f3n que vemos que afecta a nuestro pa\u00eds\u201d, dijo Pascucci.<\/em><\/p>\n<\/li>\n<li dir=\"ltr\" aria-level=\"1\">\n<p dir=\"ltr\" role=\"presentation\"><strong id=\"m_8191829914660395835docs-internal-guid-17004768-7fff-454e-777e-a0aa02b0dfcb\"><a href=\"https:\/\/brysongillette.us7.list-manage.com\/track\/click?u=bfa06574bb6a362e36787d4bd&amp;id=b2b13baa07&amp;e=8c029a4e11\" target=\"_blank\" rel=\"noopener\" data-saferedirecturl=\"https:\/\/www.google.com\/url?q=https:\/\/brysongillette.us7.list-manage.com\/track\/click?u%3Dbfa06574bb6a362e36787d4bd%26id%3Db2b13baa07%26e%3D8c029a4e11&amp;source=gmail&amp;ust=1698945612144000&amp;usg=AOvVaw01IqKZm5sncyNn83UEAiU1\">NBC 4 Los Angeles:<\/a>\u00a0Los Angeles TV Newscaster Christina Pascucci Joins 2024 Race for U.S. Senate:\u00a0<\/strong><em>In a sit-down interview with NBC4, Pascucci said she&#8217;s running as an &#8220;independent Democrat&#8221; whose views are shaped in part from growing up with two Republican parents. She said she would be willing to reach across the aisle &#8220;to get meaningful legislation done.&#8221; \u201cI believe Californians want a choice. They are excited about an aspirational leader who can lead us beyond this polarization we see plaguing our country,&#8221; Pascucci said.<\/em><\/p>\n<\/li>\n<\/ul>\n","protected":false},"excerpt":{"rendered":"<p>LOS ANGELES, CA \u2014\u00a0Two weeks ago,&#46;&#46;&#46;<\/p>\n","protected":false},"author":1,"featured_media":0,"comment_status":"closed","ping_status":"open","sticky":false,"template":"","format":"standard","meta":{"footnotes":""},"categories":[6],"tags":[],"class_list":["post-60808","post","type-post","status-publish","format-standard","hentry","category-ca-local"],"_links":{"self":[{"href":"https:\/\/lapost.us\/index.php?rest_route=\/wp\/v2\/posts\/60808","targetHints":{"allow":["GET"]}}],"collection":[{"href":"https:\/\/lapost.us\/index.php?rest_route=\/wp\/v2\/posts"}],"about":[{"href":"https:\/\/lapost.us\/index.php?rest_route=\/wp\/v2\/types\/post"}],"author":[{"embeddable":true,"href":"https:\/\/lapost.us\/index.php?rest_route=\/wp\/v2\/users\/1"}],"replies":[{"embeddable":true,"href":"https:\/\/lapost.us\/index.php?rest_route=%2Fwp%2Fv2%2Fcomments&post=60808"}],"version-history":[{"count":1,"href":"https:\/\/lapost.us\/index.php?rest_route=\/wp\/v2\/posts\/60808\/revisions"}],"predecessor-version":[{"id":60809,"href":"https:\/\/lapost.us\/index.php?rest_route=\/wp\/v2\/posts\/60808\/revisions\/60809"}],"wp:attachment":[{"href":"https:\/\/lapost.us\/index.php?rest_route=%2Fwp%2Fv2%2Fmedia&parent=60808"}],"wp:term":[{"taxonomy":"category","embeddable":true,"href":"https:\/\/lapost.us\/index.php?rest_route=%2Fwp%2Fv2%2Fcategories&post=60808"},{"taxonomy":"post_tag","embeddable":true,"href":"https:\/\/lapost.us\/index.php?rest_route=%2Fwp%2Fv2%2Ftags&post=60808"}],"curies":[{"name":"wp","href":"https:\/\/api.w.org\/{rel}","templated":true}]}}