{"id":63302,"date":"2024-03-12T09:17:31","date_gmt":"2024-03-12T16:17:31","guid":{"rendered":"https:\/\/lapost.us\/?p=63302"},"modified":"2024-03-12T09:17:31","modified_gmt":"2024-03-12T16:17:31","slug":"francois-lopez-ferrer-returns-to-conduct-stravinsky-firebird-and-beethoven-violin-concerto-with-avery-fisher-winner-francisco-fullana","status":"publish","type":"post","link":"https:\/\/lapost.us\/?p=63302","title":{"rendered":"Fran\u00e7ois L\u00f3pez-Ferrer Returns to Conduct Stravinsky Firebird and Beethoven Violin Concerto with Avery Fisher Winner Francisco Fullana"},"content":{"rendered":"<p><strong><em>Pasadena, CA \u2013\u00a0<\/em>The Pasadena Symphony<\/strong>\u00a0continues the 23\/24 season with\u00a0<strong>Beethoven Violin Concerto<\/strong>\u00a0on\u00a0<strong>Saturday, March 23, 2024\u00a0<\/strong>with performances at\u00a0<strong>2:00pm\u00a0<\/strong>and\u00a0<strong>8:00pm\u00a0<\/strong>at\u00a0<strong>Ambassador Auditorium<\/strong>. Avery Fisher-winning Spanish violinist\u00a0<strong>Francisco Fullana<\/strong>\u00a0will take center stage for\u00a0<strong>Beethoven\u2019s<\/strong>\u00a0only\u00a0<strong>Violin Concerto<\/strong>. Described by Gustavo Dudamel as an \u201camazing talent\u201d Fullana\u2019s playing has been called as \u201cexplosive\u201d (<em>Gramophone<\/em>) and \u201cfrighteningly awesome\u201d (<em>Buffalo News<\/em>).<\/p>\n<p>Spanish-American conductor<strong>\u00a0Fran\u00e7ois L\u00f3pez-Ferrer\u00a0<\/strong>returns as Artistic Partner to lead this colorful and majestic program. Currently serving as Resident Conductor of the Acad\u00e9mie of the Op\u00e9ra de Paris,\u00a0<strong>L\u00f3pez-Ferrer<\/strong>\u00a0will conjure the magic and romance of\u00a0<strong>Stravinsky\u2019s<\/strong>\u00a0soaring\u00a0<strong><em>Firebird<\/em><\/strong>. Grammy-nominated composer\u00a0<strong>Shawn<\/strong>\u00a0<strong>Okpebholo\u2019s\u00a0<\/strong><strong><em>Kutimbua Kivumbi<\/em><\/strong><strong>\u00a0(Stomp the Dust!)\u00a0<\/strong>will open the program, showcasing the essence of Kenya with a soundscape that musically depicts its arid terrain and the dust rising from traditional rain dances.<\/p>\n<p>The Pasadena Symphony provides a vibrant experience specially designed for the music lover, the social butterfly or a date night out. Arrive early for the pre-concert discussion\u00a0<em>Insights<\/em>, or enjoy a bite or a glass in the Symphony Lounge, a posh setting along Ambassador Auditorium&#8217;s beautiful outdoor plaza with a full service beverage center serving coffee, spirits, and fine wines from The Michero Family, plus sandwiches, soup, appetizers and dessert by\u00a0<strong>Cynthia Brooks Catering<\/strong>\u00a0before the concert and during intermission.<\/p>\n<p>All concerts are held at Ambassador Auditorium, 131 South St. John Ave, Pasadena, CA. Single tickets start at $42 and may be purchased online at\u00a0<a href=\"https:\/\/pasadenasymphony-pops.us3.list-manage.com\/track\/click?u=02fc9b1e3235d9e2c15baa36d&amp;id=26a4adb979&amp;e=cb6ad91429\" target=\"_blank\" rel=\"noopener\" data-saferedirecturl=\"https:\/\/www.google.com\/url?q=https:\/\/pasadenasymphony-pops.us3.list-manage.com\/track\/click?u%3D02fc9b1e3235d9e2c15baa36d%26id%3D26a4adb979%26e%3Dcb6ad91429&amp;source=gmail&amp;ust=1710288418060000&amp;usg=AOvVaw1MXPY_JGG6y9wqsWkNCw6h\">www.pasadenasymphony-pops.org<\/a>\u00a0or by calling (626) 793-7172.<\/p>\n<p><strong>IF YOU GO:<\/strong><\/p>\n<ul>\n<li><strong>What:\u00a0<\/strong>The Pasadena Symphony presents Beethoven Violin Concerto\n<p><strong>\u00a0 \u00a0 \u00a0 \u00a0 \u00a0 \u00a0 \u00a0 Fran\u00e7ois L\u00f3pez-Ferrer<\/strong>, conductor<br \/>\n<strong>\u00a0 \u00a0 \u00a0 \u00a0 \u00a0 \u00a0 \u00a0 Francisco Fullana,\u00a0<\/strong>violin<br \/>\n<strong>\u00a0 \u00a0 \u00a0 \u00a0 \u00a0 \u00a0\u00a0<\/strong><\/p>\n<table>\n<tbody>\n<tr>\n<td><strong>\u00a0 \u00a0 \u00a0 \u00a0 \u00a0 \u00a0 \u00a0 \u00a0<\/strong><strong>Shawn Okpebholo\u00a0<\/strong><\/td>\n<td><em>Kutimbua Kivumbi<\/em>\u00a0(Stomp the Dust!)<\/td>\n<\/tr>\n<tr>\n<td><strong>\u00a0 \u00a0 \u00a0 \u00a0 \u00a0 \u00a0 \u00a0 \u00a0Stravinsky<\/strong><\/td>\n<td><em>The Firebird<\/em>\u00a0Suite<\/td>\n<\/tr>\n<tr>\n<td><strong>\u00a0 \u00a0 \u00a0 \u00a0 \u00a0 \u00a0 \u00a0 \u00a0Beethoven<\/strong><\/td>\n<td>\u00a0Violin Concerto<\/td>\n<\/tr>\n<\/tbody>\n<\/table>\n<\/li>\n<li><strong>When:\u00a0<\/strong>Saturday, March 23, 2024\u00a0at 2:00pm and 8:00pm<\/li>\n<li><strong>Where:\u00a0<\/strong>Ambassador Auditorium | 131 South St. John Avenue, Pasadena, CA 91105<\/li>\n<li><strong>Cost:\u00a0<\/strong>Tickets start at $42.00<\/li>\n<li><strong>Parking:\u00a0<\/strong>Valet parking is available on St. John Ave for $20. General parking is available in two locations for $10 in advance, $15 onsite: next to the Auditorium (entrance on St. John Ave) at the covered parking structure and directly across the street at the Wells Fargo parking structure (entrance on Terrace at Green St). ADA parking is located at the above-ground parking lot adjacent to the Auditorium (entrance on St. John Ave.) for $10. Parking may be pre-purchased or purchased onsite.\u00a0<strong>Parking purchased onsite is cash only<\/strong>.<\/li>\n<\/ul>\n<p><strong>ABOUT THE ARTISTS<\/strong><\/p>\n<p><strong><img loading=\"lazy\" decoding=\"async\" class=\"CToWUd a6T\" tabindex=\"0\" src=\"https:\/\/ci3.googleusercontent.com\/meips\/ADKq_Na3Hglp3ydT8htnYA2buRByHPWUhfXG6Zokasd2LcP5XQYc_Ga-4eN5kvjtsDFz5zgnX8gu8Qj5AAUNEDI7XXVNGWcix1IG8GxWcVuKBdghiuZ6tj8h3YljyDhKzw0Jdx1x7n0ZPx91jSURsbgCVC7Jza6uNWUbULU=s0-d-e1-ft#https:\/\/mcusercontent.com\/02fc9b1e3235d9e2c15baa36d\/images\/b5a83b8a-091d-e4a6-b11b-c1ec54d379ef.jpg\" width=\"200\" height=\"200\" align=\"left\" data-bit=\"iit\" \/><\/strong><\/p>\n<p><strong>Fran\u00e7ois L\u00f3pez-Ferrer<\/strong><br \/>\n<strong>Conductor<\/strong><\/p>\n<p>Spanish-American conductor Fran\u00e7ois L\u00f3pez-Ferrer currently serves as Resident Conductor of the Acad\u00e9mie of the Op\u00e9ra de Paris. Former Associate Conductor of the Cincinnati\u00a0Symphony Orchestra (CSO) and May Festival, and a 2021-22\u2019 Dudamel Fellow with the Los Angeles Philharmonic, L\u00f3pez-Ferrer stepped in for Louis Langr\u00e9e with the CSO in January of 2022 for the US premiere of Mark Simpson\u2019s Violin Concerto with Nicola Benedetti to great critical acclaim.<\/p>\n<p>This season he has made brilliant debuts with the Los Angeles Philharmonic, Hong Kong Philharmonic, Orquesta Nacional de Espa\u00f1a, Ensemble intercontemporain, Op\u00e9ra de Lausanne, Orquesta de Valencia, Orquesta Sinf\u00f3nica de Galicia, Orquesta Sinf\u00f3nica Radio Televisi\u00f3n Espa\u00f1ola, Rochester Philharmonic Orchestra, Omaha Symphony, Sacramento Philharmonic, and Pasadena Symphony, and was featured in the 2022 Bruno Walter National Conductor Preview with Louisiana Philharmonic Orchestra. He previously served as Associate Conductor of the Orquesta Sinf\u00f3nica Nacional de Chile and Principal Conductor of the Ballet Nacional Chileno.<\/p>\n<p>An inaugural apprentice of the Verbier Festival\u2019s 2018 Conductor Mentorship Program, L\u00f3pez-Ferrer made a last-minute critically-acclaimed debut with the Verbier Festival Orchestra jumping in for Iv\u00e1n Fischer in a shared program with Sir Simon Rattle and G\u00e1bor Tak\u00e1cs-Nagy. He was recipient of a Career Assistance Award from the Solti Foundation U.S., winner of the inaugural 2015 Neeme J\u00e4rvi Prize awarded at the Menuhin-Gstaad Festival, and a previous member of the Deutsche Dirigentenforum.<\/p>\n<p>L\u00f3pez-Ferrer holds a master\u2019s degree in Orchestral Conducting from the Haute \u00c9cole de Musique de Lausanne and a bachelor\u2019s in Composition from the University of Cincinnati College-Conservatory of Music.<br \/>\n<strong><img loading=\"lazy\" decoding=\"async\" class=\"CToWUd a6T\" tabindex=\"0\" src=\"https:\/\/ci3.googleusercontent.com\/meips\/ADKq_NboNfin8m-x8auI5e0jY83pURHx239s5qilaaMUcg9KN2pm69n7DikinvyfqalVJOTFB812Jjytr8Bwi-XRtgcie6hiO8yBIR3RcEo4dVyhYheswnPcPSEKC1st-ojCWGtUkGWp3TtnsSQvFTT5d9Z_aNZhGVpw55k=s0-d-e1-ft#https:\/\/mcusercontent.com\/02fc9b1e3235d9e2c15baa36d\/images\/e480781d-1576-cebe-ece3-abb746d35ecb.jpg\" width=\"200\" height=\"200\" align=\"left\" data-bit=\"iit\" \/>Francisco Fullana<br \/>\nViolin<\/strong><\/p>\n<p>Spanish-born violinist Francisco Fullana, winner of\u00a0the\u00a02018 Avery Fisher Career Grant, has been hailed as an \u201camazing talent\u201d (Gustavo Dudamel) and \u201cfrighteningly awesome\u201d (<em>Buffalo News<\/em>). His solo violin album\u00a0<em>Bach\u2019s Long Shadow,\u00a0<\/em>was named BBC Music Magazine\u2019s Instrumental Choice of the Month. Its five star review stated: \u2018Fullana\u00a0manages to combine Itzhak Perlman\u2019s warmth with the aristocratic poise of Henryk\u00a0Szeryng\u2019<\/p>\n<p>A native of Mallorca in the Balearic Islands of Spain, Francisco is making a name for himself as both a performer and a leader of innovative educational institutions. As a soloist, he has performed the Mendelssohn Violin Concerto with the Bayerische Philharmonie led by the late Sir Colin Davis, the Sibelius Concerto with the M\u00fcnchner Rundfunkorchester, and the Brahms Violin Concerto with Venezuela\u2019s Teresa Carre\u00f1o Orchestra under the baton of Gustavo Dudamel. His versatility as a performer has brought him to perform with numerous ensembles across the artistic spectrum: from major orchestras such as the City of Birmingham, Vancouver, Aachen, Pacific and Buffalo Symphony Orchestras, the chamber orchestras of Saint Paul and Philadelphia, to the baroque ensemble Apollo\u2019s Fire and the new music driven Metropolis Ensemble. Francisco has worked under the batons of Hans Graf, Alondra de la Parra, Christoph Poppen, Jeannette Sorrell, and Joshua Weilerstein, among many others.<\/p>\n<p>Fullana is one of the first international solo violinists to fully embrace and absorb the baroque language of historical performance. His passion for the gut strings has blossomed into fruitful collaborations with Baroque groups all over the world. Last season, Fullana was the Artist-in-Residence with the Grammy-winning ensemble Apollo\u2019s Fire, performing 18 concerto performances on tour, including stops at Carnegie Hall and Severance Hall among many others. They recently released Vivaldi\u2019s Four Seasons on Avie Records to great success: The album debut at #2 of the Billboard Charts and was named Top Ten Album Of the Year by the Sunday Times. BBC Music Magazine\u2019s review stated: \u2018<em>Francisco Fullana reveals Vivaldi\u2019s poetry with effortless refinement.\u2019\u00a0<\/em>The partnership continues this spring, performing Vivaldi\u2019s\u00a0<em>The Four Seasons\u00a0<\/em>on tour around the UK, including stops at Aldenburgh Festival &amp; St. Martin in the Fields.<\/p>\n<p>Highlights of Francisco\u2019s orchestral engagements for 2022-2023 include performances with Madrid, M\u00e1laga, Tallahassee, Xalapa and Zacatecas Symphonies, as well as the Symphony of the Americas. Francisco will also reappear with Alabama, Austin, Balearic Islands and Vancouver Symphony Orchestras and the Chamber Orchestra of Philadelphia, as well as an ongoing collaboration as Artist-in-Residence with the Tucson Symphony Orchestra. Recent recital debuts included the Phillips Collection and Palm Beach\u2019s Kravis Center as well as recitals debuts at the Mecklenburg-Vorlpolmmern and Geizeitenkonzerte festivals with his duo partner, pianist Matthias Kirchnerheit. In Asia, his two recital tours of eastern China and Japan have been rescheduled for 2023 due to COVID-19 restrictions.\u00a0Fullana was 2021\/22 Artist-in Residence for the 30th\u00a0anniversary season of the Grammy-winning baroque ensemble Apollo\u2019s Fire, performing 35 concerts as a soloist on tours around the country, including New York\u2019s Carnegie Hall and Cleveland\u2019s Severance Hall.<\/p>\n<p>His passion for working with youth orchestras through the Fortissimo Youth Initiative will be at full display this season. His concerto debut at Carnegie Hall\u2019s Stern Perelman Hall will feature Lalo\u2019s Symphonie Espagnole with the New York Youth Symphony. In 2023, Francisco will embark on a European tour with the Spanish National Youth Symphony JONDE, premiering a new concerto by Mikel Urkiza across 5 countries, culminating at Berlin\u2019s Konzerthaus under the baton of Pablo G\u00f3nzalez.<\/p>\n<p>In 2018 Orchid Classics released Francisco\u2019s acclaimed debut recording\u00a0<em>Through the Lens of Time<\/em>\u00a0performed with the City of Birmingham Symphony Orchestra under Carlos Izcaray. Fullana\u2019s new double album on Orchid,\u00a0<em>Bach\u2019s Long Shadow,\u00a0<\/em>juxtaposes two of the monumental Bach\u2019s Partitas on gut strings and baroque setup with virtuoso solo violin works from the next 3 centuries.\u00a0Fullana\u2019s love for the sound of gut strings and baroque music has blossomed into an artistic partnership with the baroque ensemble Apollo\u2019s Fire. The group led by Jeannette Sorrell joins forces with Francisco\u00a0for their fiery take on Vivaldi\u2019s Four Seasons both on their newest album just released on Avie Records and was named 2022\u2019s Top Ten Record of the Year by the Sunday Times.<\/p>\n<p>Active as a chamber musician, Francisco is a performing artist at the Chamber Music Society of Lincoln Center, and has participated in the Marlboro Music Festival, the Musicians from Marlboro tours, the Perlman Music Program, the Da Camera Society, and the LaJolla, Moab, Music@Menlo, Mainly Mozart, Music in the Vineyards, and Newport music festivals. His musical collaborators have included Viviane Hagner, Nobuko Imai, Mitsuko Uchida, and members of the Guarneri, Juilliard, Tak\u00e1cs, and Cleveland quartets. Francisco\u2019s Spanish roots are also often explored in collaboration with Hispanic artists such as guitarist Pablo Sainz-Villegas and bandoneonist JP Jofre. Their recital for The Violin Channel\u2019s Vanguard Concerts at Merkin Hall was just released for worldwide release this past month on all major streaming platforms.<\/p>\n<p>Born into a family of educators, Francisco is a graduate of the Royal Conservatory of Madrid, where he matriculated under the tutelage of Manuel Guill\u00e9n. He received Bachelor\u2019s and Master\u2019s degrees from The Juilliard School following studies with Donald Weilerstein and Masao Kawasaki, and holds an Artist Diploma from the USC Thornton School of Music, where he worked with the renowned violinist Midori.<\/p>\n<p>In 2015 Francisco was honored with First Prize in Japan\u2019s Munetsugu Angel Violin Competition, as well as all four of that competition\u2019s special prizes including the Audience and Orchestra awards. Additional awards include First Prizes at the Johannes Brahms and Julio Cardona International Violin Competitions, the Pro Musicis International Award, and the Pablo Sarasate National Competition.<\/p>\n<p>Francisco is a committed innovator, leading new institutions of musical education for young people. He is a co-founder of San Antonio\u2019s Classical Music Summer Institute, where he currently serves as Chamber Music Director. He also created the Fortissimo Youth Initiative, a series of music seminars and performances with youth orchestras, which aims to explore and deepen young musicians\u2019 understanding of 18th-century music. The seminars are deeply immersive, thrusting youngsters into the sonic world of a single period while inspiring them to channel their overwhelming energy in the service of vibrant older styles of musical expression. The results can be galvanic, and Francisco continues to build on these educational models.<br \/>\nFrancisco Fullana performs on the 1735 \u201cMary Portman\u201d ex-Kreisler Guarneri del Ges\u00f9 violin, kindly on loan from Clement and Karen Arrison through the Stradivari Society of Chicago.<\/p>\n<p><img loading=\"lazy\" decoding=\"async\" class=\"CToWUd a6T\" tabindex=\"0\" src=\"https:\/\/ci3.googleusercontent.com\/meips\/ADKq_Nay0l1qYc1Eed17aaz__xJStHXaztmsw0WErrHRPRGv0wJTR9rtjWadhCIw53LJ5L2HeR2EMVhUx9t8uN7m_VjgCLG3jWSWm03OC35cR0Jm06Pe9SQYTxlUysR9P2U4g3vvzqBjApqw6KJCz7KiYPffEyN0DSX-hdY=s0-d-e1-ft#https:\/\/mcusercontent.com\/02fc9b1e3235d9e2c15baa36d\/images\/ef8a62b3-d962-b6dc-3697-d87705ab4fdd.jpg\" width=\"200\" height=\"200\" align=\"left\" data-bit=\"iit\" \/><strong>Shawn Okpebholo<br \/>\nComposer<\/strong><\/p>\n<p>Shawn E. Okpebholo is a GRAMMY\u00ae-nominated, critically-acclaimed and award-winning composer whose music has been described as \u201cdevastatingly beautiful\u201d and \u201cfresh and new and fearless\u201d (<em>The Washington Post<\/em>), \u201caffecting\u201d (<em>The New York Times<\/em>), \u201csearing\u201d (<em>The Chicago Tribune<\/em>), \u201cstaggering\u201d (<em>The New Yorker<\/em>), \u201clyrical, complex, singular\u201d (<em>The Guardian<\/em>) and \u201cpowerful\u201d (<em>BBC Music Magazine<\/em>). Some honors include The Academy of Arts and Letters Walter Hinrichsen Award, 2022 Winner of Barlow Endowment for Music Composition, First Place Winner of the 2020 American Prize in Composition (professional\/wind band division), Second Place Winner in the 2017 American Prize in Composition (professional\/orchestral division), First Prize Winner in the Flute New Music Consortium Composition Competition and the Inaugural Awardee of the Leslie Adams-Robert Owens Composition Award. Okpebholo\u2019s music has been featured in recital and concert series in nearly every state in America and all over the world, including Aspen Music Festival; Bowdoin International Music Festival; Newport New Music Festival; concerts presented by Chicago Lyric Opera, Los Angeles Opera, Fort Worth Opera, Urban Arias, Portland Opera, Des Moines Metro Opera, and Chicago Opera Theater; Chicago Symphony Orchestra Music Now Series; Cincinnati and Houston Symphony Orchestras; Unites States Airfare Strings, among others.<\/p>\n<p>Okpebholo\u2019s work as a composer and his music has been featured on PBS Newshour, and radio broadcasts across the country, including NPR\u2019s All Things Considered, NPR\u2019s Morning Edition SiriusXM\u2019s \u201cLiving American\u201d series on Symphony Hall Channel, and Chicago\u2019s WFMT. And NPR selected his art song\u00a0<em>The Rain<\/em>as one of the 100 Best Songs of 2021; only a few classical works to made the ranking. His artistry has resulted in many prizes and honors, including The Academy of Arts and Letters Walter Hinrichsen Award, 2022 Winner of Barlow Endowment for Music Composition, First Place Winner of the 2020 American Prize in Composition (professional\/wind band division), Second Place Winner in the 2017 American Prize in Composition (professional\/orchestral division), First Prize Winner in the Flute New Music Consortium Composition Competition and the Inaugural Awardee of the Leslie Adams-Robert Owens Composition Award.<\/p>\n<p>Okpebholo\u2019s music has been featured in recital and concert series in nearly every state in America and all over the world, including Aspen Music Festival; Bowdoin International Music Festival; Newport New Music Festival; Monte Music Festival (Goa, India); MusicX Contemporary Music Festival; The Uncommon Music Festival (Alaska); concerts presented by Chicago Lyric Opera, Los Angeles Opera, Fort Worth Opera, Urban Arias, Portland Opera, Des Moines Metro Opera, and Chicago Opera Theater; Chicago Symphony Orchestra Music Now Series; Cincinnati and Houston Symphony Orchestras; Unites States Air Force Strings; Urban Arias and the Inscape Chamber Orchestra; Copland House Ensemble, Picosa, Fifth House Ensemble, Lincoln Trio, among others. Some solo artists include vocalists J\u2019Nai Bridges, Will Liverman, Michael Michael Mayes, Ryan McKinney, Robert Sims, and Tamera Wilson; pianists Paul S\u00e1nchez, Mark Markham, Craig Terry, and Robert Ainsley; euphonium virtuoso Steven Mead, flutists Jennie Oh Brown and Caen-Thomason-Redus.<\/p>\n<p>Okpebholo regularly receives commissions from noted soloists, universities, and organizations, including the Philadelphia Chamber Music Society, Astral Artists, San Francisco Conservatory of Music, International Tuba and Euphonium Association, The Meir Rimon Commissioning Program of the International Horn Society, among others. His compositions have been featured on six commercially released albums, including his first album solely devoted to his music,\u00a0<em>Steal Away<\/em>, a collection of re-imagined Negro spirituals, and his second solo album, GRAMMY\u00ae-nominated\u00a0<em>Lord, How Come Me Here?.<\/em><\/p>\n<p>As a pedagogue, Okpebholo has given masterclasses at many academic institutions worldwide, including two universities in Nigeria, and has served on the faculty of summer music festivals, currently on the Fresh Inc Festival\u2019s composition faculty. His compositional and research interests have been a gateway for ethnomusicological fieldwork in both East and West Africa. He has studied the music of the Esan people in southern Nigeria, the Akambe people in the Machakos region of Kenya, and South Sudanese refugees in northern Uganda. His field research has resulted in two chamber works, two symphonic works, transcriptions, and academic lectures. Grants from the Endowment of the Arts, Illinois Arts Council, Tangemen Sacred Music Center, Wheaton College, and Pew Research Grant (Union University) have supported his work.<\/p>\n<p>He earned his master\u2019s and doctoral degrees in composition from the College-Conservatory of Music (CCM) at the University of Cincinnati, where he also studied music theory. He completed a bachelor\u2019s degree in composition and music history from Asbury College. He had additional studies in film scoring from New York University through the Buddy Baker Film Scoring Program. Growing up, a significant part of his music education was through The Salvation Army church, where he regularly received free music lessons. Inspired by that charity, Okpebholo is passionate about offering his musical expertise to underserved communities. Currently, he is Jonathan Blanchard Professor of Music Composition and Theory at Wheaton College-Conservatory of Music (IL), having also taught at Union University (TN), Northern Kentucky University, and CCM. He served as also the Composer-in-Residence of the renowned Fifth House Ensemble. And he is currently in residence with the Chicago Opera Theater (2021-2023 seasons), culminating with an opera commission with librettist Mark Campbell, librettist for the Pulitzer Prize-winning opera\u00a0<em>Silent Night<\/em>.<\/p>\n<p>He lives in Wheaton, IL, a suburb of Chicago, with his wife, violist Dorthy, and his daughters, Eva and Corinne.<\/p>\n","protected":false},"excerpt":{"rendered":"<p>Pasadena, CA \u2013\u00a0The Pasadena Symphony\u00a0continues the&#46;&#46;&#46;<\/p>\n","protected":false},"author":1,"featured_media":0,"comment_status":"closed","ping_status":"open","sticky":false,"template":"","format":"standard","meta":{"footnotes":""},"categories":[13,6],"tags":[],"class_list":["post-63302","post","type-post","status-publish","format-standard","hentry","category-arts","category-ca-local"],"_links":{"self":[{"href":"https:\/\/lapost.us\/index.php?rest_route=\/wp\/v2\/posts\/63302","targetHints":{"allow":["GET"]}}],"collection":[{"href":"https:\/\/lapost.us\/index.php?rest_route=\/wp\/v2\/posts"}],"about":[{"href":"https:\/\/lapost.us\/index.php?rest_route=\/wp\/v2\/types\/post"}],"author":[{"embeddable":true,"href":"https:\/\/lapost.us\/index.php?rest_route=\/wp\/v2\/users\/1"}],"replies":[{"embeddable":true,"href":"https:\/\/lapost.us\/index.php?rest_route=%2Fwp%2Fv2%2Fcomments&post=63302"}],"version-history":[{"count":1,"href":"https:\/\/lapost.us\/index.php?rest_route=\/wp\/v2\/posts\/63302\/revisions"}],"predecessor-version":[{"id":63303,"href":"https:\/\/lapost.us\/index.php?rest_route=\/wp\/v2\/posts\/63302\/revisions\/63303"}],"wp:attachment":[{"href":"https:\/\/lapost.us\/index.php?rest_route=%2Fwp%2Fv2%2Fmedia&parent=63302"}],"wp:term":[{"taxonomy":"category","embeddable":true,"href":"https:\/\/lapost.us\/index.php?rest_route=%2Fwp%2Fv2%2Fcategories&post=63302"},{"taxonomy":"post_tag","embeddable":true,"href":"https:\/\/lapost.us\/index.php?rest_route=%2Fwp%2Fv2%2Ftags&post=63302"}],"curies":[{"name":"wp","href":"https:\/\/api.w.org\/{rel}","templated":true}]}}