{"id":71464,"date":"2025-03-19T10:19:54","date_gmt":"2025-03-19T17:19:54","guid":{"rendered":"https:\/\/lapost.us\/?p=71464"},"modified":"2025-03-19T10:20:09","modified_gmt":"2025-03-19T17:20:09","slug":"solis-proclaims-march-31st-as-cesar-e-chavez-day-throughout-los-angeles-county","status":"publish","type":"post","link":"https:\/\/lapost.us\/?p=71464","title":{"rendered":"Solis Proclaims March 31st as C\u00e9sar E. Ch\u00e1vez Day throughout Los Angeles County"},"content":{"rendered":"<p align=\"left\"><strong>Los Angeles, Calif.<\/strong>\u00a0<span style=\"color: #000000;\">\u2013 The Los Angeles County Board of Supervisors unanimously passed a motion introduced by Chair Pro Tem and Supervisor of the First District, Hilda L. Solis, proclaiming March 31, 2025, as C\u00e9sar E. Ch\u00e1vez Day throughout Los Angeles County. This declaration honors the enduring legacy and profound contributions of C\u00e9sar E. Ch\u00e1vez to the civil rights and labor movements in the United States.<\/span><\/p>\n<p><span style=\"color: #000000;\">\u201cThe contributions and leadership of C\u00e9sar E. Ch\u00e1vez not only transformed the lives of countless farm workers and their families, but also left a legacy that continues to inspire resilience, advocacy, and the enduring power of \u2018S\u00ed, se puede!\u2019,\u201d said Chair Pro Tem Solis. \u201cOn C\u00e9sar E. Ch\u00e1vez Day, we reflect on the strength of perseverance in the face of adversity, and honor his memory by engaging in service to our communities, just as he dedicated his life to service and justice for others.\u201d<\/span><\/p>\n<p align=\"left\"><span style=\"color: #000000;\">On March 27, 2017, Los Angeles County joined the federal government in commemorating the birthday and legacy of C\u00e9sar E. Ch\u00e1vez, a pioneering leader in the fight for farm workers\u2019 rights. Widely recognized for his tireless advocacy, Ch\u00e1vez led marches, hunger strikes, and boycotts to draw national attention to the struggles faced by migrant workers. His efforts played a critical role in securing better working conditions, health coverage, fair wages, and benefits for farm workers across the country. In 2014, President Barack Obama designated C\u00e9sar E. Ch\u00e1vez Day as a federal commemorative holiday, further cementing Ch\u00e1vez\u2019s place in American history.<\/span><\/p>\n<p align=\"left\"><span style=\"color: #000000;\">A portion of La Paz is now the C\u00e9sar E. Ch\u00e1vez National Monument, managed by the National Chavez Center in partnership with the National Park Service. This monument stands as a testament to Ch\u00e1vez\u2019s legacy and serves as a place of reflection on his work and impact.<\/span><\/p>\n<p align=\"left\"><span style=\"color: #000000;\">\u201cI had the privilege of working on creating this legislation in Congress to memorialize C\u00e9sar Ch\u00e1vez\u2019s beginnings,\u201d added Chair Pro Tem Solis. \u201cThe designation of this monument, along with the recognition of C\u00e9sar E. Ch\u00e1vez Day, allows us to honor his relentless efforts for social justice, which continue to inspire generations today.<\/span><\/p>\n","protected":false},"excerpt":{"rendered":"<p>Los Angeles, Calif.\u00a0\u2013 The Los Angeles&#46;&#46;&#46;<\/p>\n","protected":false},"author":1,"featured_media":0,"comment_status":"closed","ping_status":"open","sticky":false,"template":"","format":"standard","meta":{"footnotes":""},"categories":[6],"tags":[],"class_list":["post-71464","post","type-post","status-publish","format-standard","hentry","category-ca-local"],"_links":{"self":[{"href":"https:\/\/lapost.us\/index.php?rest_route=\/wp\/v2\/posts\/71464","targetHints":{"allow":["GET"]}}],"collection":[{"href":"https:\/\/lapost.us\/index.php?rest_route=\/wp\/v2\/posts"}],"about":[{"href":"https:\/\/lapost.us\/index.php?rest_route=\/wp\/v2\/types\/post"}],"author":[{"embeddable":true,"href":"https:\/\/lapost.us\/index.php?rest_route=\/wp\/v2\/users\/1"}],"replies":[{"embeddable":true,"href":"https:\/\/lapost.us\/index.php?rest_route=%2Fwp%2Fv2%2Fcomments&post=71464"}],"version-history":[{"count":2,"href":"https:\/\/lapost.us\/index.php?rest_route=\/wp\/v2\/posts\/71464\/revisions"}],"predecessor-version":[{"id":71466,"href":"https:\/\/lapost.us\/index.php?rest_route=\/wp\/v2\/posts\/71464\/revisions\/71466"}],"wp:attachment":[{"href":"https:\/\/lapost.us\/index.php?rest_route=%2Fwp%2Fv2%2Fmedia&parent=71464"}],"wp:term":[{"taxonomy":"category","embeddable":true,"href":"https:\/\/lapost.us\/index.php?rest_route=%2Fwp%2Fv2%2Fcategories&post=71464"},{"taxonomy":"post_tag","embeddable":true,"href":"https:\/\/lapost.us\/index.php?rest_route=%2Fwp%2Fv2%2Ftags&post=71464"}],"curies":[{"name":"wp","href":"https:\/\/api.w.org\/{rel}","templated":true}]}}